{"id":263,"date":"2025-12-18T08:51:30","date_gmt":"2025-12-18T08:51:30","guid":{"rendered":"https:\/\/prosjekt.skanska.no\/nye-vesteroya-skole\/?p=263"},"modified":"2025-12-18T08:52:23","modified_gmt":"2025-12-18T08:52:23","slug":"god-jul-fra-vesteroya-skole","status":"publish","type":"post","link":"https:\/\/prosjekt.skanska.no\/nye-vesteroya-skole\/god-jul-fra-vesteroya-skole\/","title":{"rendered":"God jul fra Vester\u00f8ya skole"},"content":{"rendered":"<p>Vi n\u00e6rmer oss slutten av \u00e5ret, og det er med stor glede vi kan dele status fra prosjektet v\u00e5rt p\u00e5 Vester\u00f8ya skole.<\/p>\n<p>Bygget er n\u00e5 tett, og denne viktige milep\u00e6len ble nylig feiret sammen med byggherren v\u00e5r Sandefjord Kommune, og v\u00e5re dyktige underentrepren\u00f8rer &#8211; alle samlet i den nye idrettshallen. Det var en hyggelig markering av godt samarbeid og en solid innsats fra alle involverte.<\/p>\n<p>Innvendig har malerarbeidene startet, og prosjektet beveger seg st\u00f8dig videre. Utvendig er vi n\u00e5 i sluttfasen av de bygningsmessige arbeidene, og gravearbeidene vil fortsette s\u00e5 langt vinterforholdene tillater det. F\u00f8r julefreden senker seg, vil det ogs\u00e5 bli gjennomf\u00f8rt en opprydning utvendig p\u00e5 byggeplassen.<\/p>\n<p>Det vil v\u00e6re tre firmaer til stede p\u00e5 plassen 22. og 23. desember, f\u00f8r byggeplassen stenger i romjulen og vi tar en velfortjent pause.<\/p>\n<p>Vi vil benytte anledningen til \u00e5 takke alle samarbeidspartnere for innsatsen i \u00e5ret som har g\u00e5tt, og \u00f8nsker dere alle en riktig god jul og et godt nytt \u00e5r.<\/p>\n<p>Julehilsen fra<\/p>\n<p>Skanska-teamet p\u00e5 Vester\u00f8ya skole<\/p>\n","protected":false},"excerpt":{"rendered":"<p>Vi n\u00e6rmer oss slutten av \u00e5ret, og det er med stor glede vi kan dele status fra prosjektet v\u00e5rt p\u00e5 Vester\u00f8ya skole. Bygget er n\u00e5 tett, og denne viktige milep\u00e6len ble nylig feiret sammen med byggherren v\u00e5r Sandefjord Kommune, og v\u00e5re dyktige underentrepren\u00f8rer &#8211; alle samlet i den nye idrettshallen. Det var en hyggelig markering [&hellip;]<\/p>\n","protected":false},"author":70,"featured_media":270,"comment_status":"closed","ping_status":"closed","sticky":false,"template":"","format":"standard","meta":{"_acf_changed":false,"footnotes":""},"categories":[1],"tags":[],"class_list":["post-263","post","type-post","status-publish","format-standard","has-post-thumbnail","hentry","category-uncategorized"],"acf":[],"_links":{"self":[{"href":"https:\/\/prosjekt.skanska.no\/nye-vesteroya-skole\/wp-json\/wp\/v2\/posts\/263","targetHints":{"allow":["GET"]}}],"collection":[{"href":"https:\/\/prosjekt.skanska.no\/nye-vesteroya-skole\/wp-json\/wp\/v2\/posts"}],"about":[{"href":"https:\/\/prosjekt.skanska.no\/nye-vesteroya-skole\/wp-json\/wp\/v2\/types\/post"}],"author":[{"embeddable":true,"href":"https:\/\/prosjekt.skanska.no\/nye-vesteroya-skole\/wp-json\/wp\/v2\/users\/70"}],"replies":[{"embeddable":true,"href":"https:\/\/prosjekt.skanska.no\/nye-vesteroya-skole\/wp-json\/wp\/v2\/comments?post=263"}],"version-history":[{"count":5,"href":"https:\/\/prosjekt.skanska.no\/nye-vesteroya-skole\/wp-json\/wp\/v2\/posts\/263\/revisions"}],"predecessor-version":[{"id":272,"href":"https:\/\/prosjekt.skanska.no\/nye-vesteroya-skole\/wp-json\/wp\/v2\/posts\/263\/revisions\/272"}],"wp:featuredmedia":[{"embeddable":true,"href":"https:\/\/prosjekt.skanska.no\/nye-vesteroya-skole\/wp-json\/wp\/v2\/media\/270"}],"wp:attachment":[{"href":"https:\/\/prosjekt.skanska.no\/nye-vesteroya-skole\/wp-json\/wp\/v2\/media?parent=263"}],"wp:term":[{"taxonomy":"category","embeddable":true,"href":"https:\/\/prosjekt.skanska.no\/nye-vesteroya-skole\/wp-json\/wp\/v2\/categories?post=263"},{"taxonomy":"post_tag","embeddable":true,"href":"https:\/\/prosjekt.skanska.no\/nye-vesteroya-skole\/wp-json\/wp\/v2\/tags?post=263"}],"curies":[{"name":"wp","href":"https:\/\/api.w.org\/{rel}","templated":true}]}}