{"id":285,"date":"2026-03-04T09:51:24","date_gmt":"2026-03-04T09:51:24","guid":{"rendered":"https:\/\/prosjekt.skanska.no\/nye-vesteroya-skole\/?p=285"},"modified":"2026-03-04T09:51:24","modified_gmt":"2026-03-04T09:51:24","slug":"utomhusarbeidene-ved-nye-vesteroya-barneskole","status":"publish","type":"post","link":"https:\/\/prosjekt.skanska.no\/nye-vesteroya-skole\/utomhusarbeidene-ved-nye-vesteroya-barneskole\/","title":{"rendered":"Utomhusarbeidene ved nye Vester\u00f8ya barneskole"},"content":{"rendered":"<p>Byggearbeidene ved nye Vester\u00f8ya barneskole i Sandefjord g\u00e5r jevnt og trutt fremover, og n\u00e5 som vinteren endelig slipper taket, setter vi for fullt i gang med utomhusarbeidene igjen.<\/p>\n<p>Den siste tiden har vi startet forberedelsene til det nye utend\u00f8rsamfiet mot nord\/\u00f8st. Dette blir et flott samlingspunkt for elevene \u2013 et sted for b\u00e5de undervisning, forestillinger og sosiale aktiviteter i frisk luft. Vi ser allerede konturene av hvordan omr\u00e5det vil bli, og det er inspirerende \u00e5 f\u00f8lge utviklingen.<\/p>\n<p>Samtidig er arbeidet med den brede gangveien fra skoleg\u00e5rden og opp til amfiet og scenen i gang. Kyststien f\u00e5r en egen tras\u00e8 direkte fra gangveien, og fortsetter videre p\u00e5 den eksisterende stien. Denne forbindelsen vil knytte skoleomr\u00e5det enda tettere til n\u00e6romr\u00e5det og naturen rundt, og gj\u00f8re det enkelt og trygt \u00e5 bevege seg mellom skoleg\u00e5rden og turomr\u00e5dene.<\/p>\n<p>I tiden fremover vil det bli noe \u00f8kt aktivitet p\u00e5 anlegget i forbindelse med utomhusarbeidene. Likevel forventer vi ikke mye st\u00f8yende arbeider i denne fasen, og vi vil som alltid gj\u00f8re v\u00e5rt beste for \u00e5 gjennomf\u00f8re arbeidene p\u00e5 en s\u00e5 sk\u00e5nsom m\u00e5te som mulig for omgivelsene.<\/p>\n<p>Vi gleder oss til \u00e5 se uteomr\u00e5det ta form \u2013 og til \u00e5 kunne dele utviklingen videre med dere. Dette blir et fantastisk omr\u00e5de for b\u00e5de lek, l\u00e6ring og fellesskap.<\/p>\n<p>F\u00f8lg gjernefremdriften her: <a href=\"https:\/\/kunde.byggekamera.no\/?p=1131&amp;c=1519\">kunde.byggekamera.no (3840\u00d72160)<\/a><\/p>\n<p>&nbsp;<\/p>\n<p><img loading=\"lazy\" decoding=\"async\" class=\"aligncenter wp-image-293 size-full\" src=\"https:\/\/prosjekt.skanska.no\/nye-vesteroya-skole\/wp-content\/uploads\/sites\/28\/2026\/03\/Utendors.png\" alt=\"\" width=\"1246\" height=\"632\" srcset=\"https:\/\/prosjekt.skanska.no\/nye-vesteroya-skole\/wp-content\/uploads\/sites\/28\/2026\/03\/Utendors.png 1246w, https:\/\/prosjekt.skanska.no\/nye-vesteroya-skole\/wp-content\/uploads\/sites\/28\/2026\/03\/Utendors-300x152.png 300w, https:\/\/prosjekt.skanska.no\/nye-vesteroya-skole\/wp-content\/uploads\/sites\/28\/2026\/03\/Utendors-1024x519.png 1024w, https:\/\/prosjekt.skanska.no\/nye-vesteroya-skole\/wp-content\/uploads\/sites\/28\/2026\/03\/Utendors-768x390.png 768w\" sizes=\"auto, (max-width: 1246px) 100vw, 1246px\" \/><\/p>\n<p><img loading=\"lazy\" decoding=\"async\" class=\"aligncenter wp-image-300 size-full\" src=\"https:\/\/prosjekt.skanska.no\/nye-vesteroya-skole\/wp-content\/uploads\/sites\/28\/2026\/03\/Snitt.png\" alt=\"\" width=\"679\" height=\"875\" srcset=\"https:\/\/prosjekt.skanska.no\/nye-vesteroya-skole\/wp-content\/uploads\/sites\/28\/2026\/03\/Snitt.png 679w, https:\/\/prosjekt.skanska.no\/nye-vesteroya-skole\/wp-content\/uploads\/sites\/28\/2026\/03\/Snitt-233x300.png 233w\" sizes=\"auto, (max-width: 679px) 100vw, 679px\" \/><\/p>\n","protected":false},"excerpt":{"rendered":"<p>Byggearbeidene ved nye Vester\u00f8ya barneskole i Sandefjord g\u00e5r jevnt og trutt fremover, og n\u00e5 som vinteren endelig slipper taket, setter vi for fullt i gang med utomhusarbeidene igjen. Den siste tiden har vi startet forberedelsene til det nye utend\u00f8rsamfiet mot nord\/\u00f8st. Dette blir et flott samlingspunkt for elevene \u2013 et sted for b\u00e5de undervisning, forestillinger [&hellip;]<\/p>\n","protected":false},"author":70,"featured_media":302,"comment_status":"closed","ping_status":"closed","sticky":false,"template":"","format":"standard","meta":{"_acf_changed":false,"footnotes":""},"categories":[1],"tags":[],"class_list":["post-285","post","type-post","status-publish","format-standard","has-post-thumbnail","hentry","category-uncategorized"],"acf":[],"_links":{"self":[{"href":"https:\/\/prosjekt.skanska.no\/nye-vesteroya-skole\/wp-json\/wp\/v2\/posts\/285","targetHints":{"allow":["GET"]}}],"collection":[{"href":"https:\/\/prosjekt.skanska.no\/nye-vesteroya-skole\/wp-json\/wp\/v2\/posts"}],"about":[{"href":"https:\/\/prosjekt.skanska.no\/nye-vesteroya-skole\/wp-json\/wp\/v2\/types\/post"}],"author":[{"embeddable":true,"href":"https:\/\/prosjekt.skanska.no\/nye-vesteroya-skole\/wp-json\/wp\/v2\/users\/70"}],"replies":[{"embeddable":true,"href":"https:\/\/prosjekt.skanska.no\/nye-vesteroya-skole\/wp-json\/wp\/v2\/comments?post=285"}],"version-history":[{"count":16,"href":"https:\/\/prosjekt.skanska.no\/nye-vesteroya-skole\/wp-json\/wp\/v2\/posts\/285\/revisions"}],"predecessor-version":[{"id":306,"href":"https:\/\/prosjekt.skanska.no\/nye-vesteroya-skole\/wp-json\/wp\/v2\/posts\/285\/revisions\/306"}],"wp:featuredmedia":[{"embeddable":true,"href":"https:\/\/prosjekt.skanska.no\/nye-vesteroya-skole\/wp-json\/wp\/v2\/media\/302"}],"wp:attachment":[{"href":"https:\/\/prosjekt.skanska.no\/nye-vesteroya-skole\/wp-json\/wp\/v2\/media?parent=285"}],"wp:term":[{"taxonomy":"category","embeddable":true,"href":"https:\/\/prosjekt.skanska.no\/nye-vesteroya-skole\/wp-json\/wp\/v2\/categories?post=285"},{"taxonomy":"post_tag","embeddable":true,"href":"https:\/\/prosjekt.skanska.no\/nye-vesteroya-skole\/wp-json\/wp\/v2\/tags?post=285"}],"curies":[{"name":"wp","href":"https:\/\/api.w.org\/{rel}","templated":true}]}}