{"id":309,"date":"2026-04-15T12:55:08","date_gmt":"2026-04-15T12:55:08","guid":{"rendered":"https:\/\/prosjekt.skanska.no\/nye-vesteroya-skole\/?p=309"},"modified":"2026-04-15T12:55:08","modified_gmt":"2026-04-15T12:55:08","slug":"stoyende-arbeider","status":"publish","type":"post","link":"https:\/\/prosjekt.skanska.no\/nye-vesteroya-skole\/stoyende-arbeider\/","title":{"rendered":"St\u00f8yende arbeider"},"content":{"rendered":"<p>Arbeidene ved Nye Vester\u00f8ya skole p\u00e5g\u00e5r med h\u00f8yt tempo, b\u00e5de innvendig og ute p\u00e5 byggeplassen. Vi er glade for \u00e5 kunne si at vi er rute, og at alt legges til rette for at barna skal f\u00e5 en flott, ny barneskole.<\/p>\n<p>I tiden fremover vil det imidlertid foreg\u00e5 enkelte arbeider som kan medf\u00f8re \u00f8kt st\u00f8y i perioder. Vi \u00f8nsker derfor \u00e5 informere om hva som skjer og n\u00e5r:<\/p>\n<p>Uke 17\u201318:<br \/>\nDet vil bli gjennomf\u00f8rt rensk, graving og sprengning i omr\u00e5det. Disse arbeidene vil kunne medf\u00f8re merkbar st\u00f8y i n\u00e6romr\u00e5det.<\/p>\n<p>Uke 19\u201321:<br \/>\nI denne perioden vil det foreg\u00e5 graving, bortkj\u00f8ring av masser og innkj\u00f8ring av nye masser. I tillegg starter oppbygging og planering av ny gang- og sykkelvei\/kyststi. Dette inneb\u00e6rer \u00f8kt aktivitet med anleggsmaskiner og transport.<\/p>\n<p>Uke 22\u201323:<br \/>\nDet vil bli gjennomf\u00f8rt asfaltering, som ogs\u00e5 kan f\u00f8re til noe st\u00f8y og \u00f8kt trafikk i omr\u00e5det.<\/p>\n<p>Vi har forst\u00e5else for at anleggsarbeidene kan oppleves som belastende for naboer og brukere av omr\u00e5det, og vi takker for t\u00e5lmodigheten. Samtidig n\u00e6rmer vi oss ferdigstillelse, og resultatet vil bli et moderne og funksjonelt skoleanlegg til glede for b\u00e5de elever og lokalsamfunn.<\/p>\n<p>Har du sp\u00f8rsm\u00e5l eller behov for mer informasjon, er du velkommen til \u00e5 ta kontakt.<\/p>\n<p>Med vennlig hilsen<br \/>\nProsjektteamet for Nye Vester\u00f8ya skole<\/p>\n","protected":false},"excerpt":{"rendered":"<p>Arbeidene ved Nye Vester\u00f8ya skole p\u00e5g\u00e5r med h\u00f8yt tempo, b\u00e5de innvendig og ute p\u00e5 byggeplassen. Vi er glade for \u00e5 kunne si at vi er rute, og at alt legges til rette for at barna skal f\u00e5 en flott, ny barneskole. I tiden fremover vil det imidlertid foreg\u00e5 enkelte arbeider som kan medf\u00f8re \u00f8kt st\u00f8y [&hellip;]<\/p>\n","protected":false},"author":70,"featured_media":0,"comment_status":"closed","ping_status":"closed","sticky":false,"template":"","format":"standard","meta":{"_acf_changed":false,"footnotes":""},"categories":[1],"tags":[],"class_list":["post-309","post","type-post","status-publish","format-standard","hentry","category-uncategorized"],"acf":[],"_links":{"self":[{"href":"https:\/\/prosjekt.skanska.no\/nye-vesteroya-skole\/wp-json\/wp\/v2\/posts\/309","targetHints":{"allow":["GET"]}}],"collection":[{"href":"https:\/\/prosjekt.skanska.no\/nye-vesteroya-skole\/wp-json\/wp\/v2\/posts"}],"about":[{"href":"https:\/\/prosjekt.skanska.no\/nye-vesteroya-skole\/wp-json\/wp\/v2\/types\/post"}],"author":[{"embeddable":true,"href":"https:\/\/prosjekt.skanska.no\/nye-vesteroya-skole\/wp-json\/wp\/v2\/users\/70"}],"replies":[{"embeddable":true,"href":"https:\/\/prosjekt.skanska.no\/nye-vesteroya-skole\/wp-json\/wp\/v2\/comments?post=309"}],"version-history":[{"count":2,"href":"https:\/\/prosjekt.skanska.no\/nye-vesteroya-skole\/wp-json\/wp\/v2\/posts\/309\/revisions"}],"predecessor-version":[{"id":311,"href":"https:\/\/prosjekt.skanska.no\/nye-vesteroya-skole\/wp-json\/wp\/v2\/posts\/309\/revisions\/311"}],"wp:attachment":[{"href":"https:\/\/prosjekt.skanska.no\/nye-vesteroya-skole\/wp-json\/wp\/v2\/media?parent=309"}],"wp:term":[{"taxonomy":"category","embeddable":true,"href":"https:\/\/prosjekt.skanska.no\/nye-vesteroya-skole\/wp-json\/wp\/v2\/categories?post=309"},{"taxonomy":"post_tag","embeddable":true,"href":"https:\/\/prosjekt.skanska.no\/nye-vesteroya-skole\/wp-json\/wp\/v2\/tags?post=309"}],"curies":[{"name":"wp","href":"https:\/\/api.w.org\/{rel}","templated":true}]}}