{"id":313,"date":"2026-04-23T12:38:20","date_gmt":"2026-04-23T12:38:20","guid":{"rendered":"https:\/\/prosjekt.skanska.no\/nye-vesteroya-skole\/?p=313"},"modified":"2026-04-23T12:38:20","modified_gmt":"2026-04-23T12:38:20","slug":"sikkerhetsuka-2026","status":"publish","type":"post","link":"https:\/\/prosjekt.skanska.no\/nye-vesteroya-skole\/sikkerhetsuka-2026\/","title":{"rendered":"Sikkerhetsuka 2026"},"content":{"rendered":"<p>Mandag 20. april startet vi \u00e5rets Sikkerhetsuke &laquo;L\u00e6ring for livet&raquo; her p\u00e5 Nye Vester\u00f8ya skole. Etter to \u00e5r med fokus p\u00e5 feilforst\u00e5else og barrierer, tar vi n\u00e5 steget videre for \u00e5 styrke l\u00e6ringskulturen i Skanska.<\/p>\n<p>De siste \u00e5rene har vi jobbet m\u00e5lrettet for \u00e5 utvikle sikkerhetsarbeidet v\u00e5rt, og i 2026 tar vi et nytt og viktig skritt: Vi skal bli bedre p\u00e5 praktisk l\u00e6ring og s\u00f8rge for at den skaper varig endring.<\/p>\n<p>Dette betyr at vi skal bruke kunnskapen fra de som gj\u00f8r jobben til \u00e5 forst\u00e5 hva som gj\u00f8r oppgavene vanskelige. Da kan vi fjerne feilfeller og hindringer, slik at hverdagen blir b\u00e5de enklere og sikrere.<\/p>\n<p>Vi m\u00e5 l\u00e6re av m\u00e5ten vi gj\u00f8r jobben p\u00e5.<\/p>\n<p>Sikkerhet skapes i arbeidet vi gj\u00f8r hver eneste dag. N\u00e5r vi l\u00e6rer av det som fungerer, ikke bare av det som g\u00e5r galt, blir vi bedre rustet til \u00e5 forebygge u\u00f8nskede hendelser og bygge en enda tryggere organisasjon.<\/p>\n<p>Sikkerhetsuka startet med en felles samling i gymsalen, hvor alle p\u00e5 prosjektet deltok. Her fikk vi blant annet se en inspirerende appell fra konsernsjef Stein Ivar Hellestad, som satte tonen for uken og understreket viktigheten av en sterk l\u00e6ringskultur i Skanska.<\/p>\n<p>Vi har i l\u00f8pet av uken blant annet gjennomf\u00f8rt konkurranser som har bidratt til \u00f8kt bevissthet og engasjement rundt sikkerhet i hverdagen. I tillegg ble det gjennomf\u00f8rt en evakuerings\u00f8velse, hvor vi fikk testet beredskapen v\u00e5r i praksis. Slike \u00f8velser er avgj\u00f8rende for \u00e5 sikre at vi er godt forberedt dersom en reell situasjon skulle oppst\u00e5.<\/p>\n<p>Avslutningen i gymsalen ble en fin anledning til \u00e5 samle alle igjen for \u00e5 oppsummere uken. Med kake til alle ble det ogs\u00e5 rom for gode samtaler og en felles f\u00f8lelse av stolthet over det vi har oppn\u00e5dd sammen.<\/p>\n<p>Sikkerhetsuka ved Nye Vester\u00f8ya skole har vist at l\u00e6ring skjer best n\u00e5r vi gj\u00f8r det sammen. Ved \u00e5 sette fokus p\u00e5 L\u00e6ring for livet, har vi styrket b\u00e5de kompetansen og kulturen p\u00e5 prosjektet \u2013 noe som vil komme oss til gode i tiden fremover.<\/p>\n<p><img loading=\"lazy\" decoding=\"async\" class=\"alignnone size-medium wp-image-317\" src=\"https:\/\/prosjekt.skanska.no\/nye-vesteroya-skole\/wp-content\/uploads\/sites\/28\/2026\/04\/Evakueringsovelse-SU2026-300x225.jpg\" alt=\"\" width=\"300\" height=\"225\" srcset=\"https:\/\/prosjekt.skanska.no\/nye-vesteroya-skole\/wp-content\/uploads\/sites\/28\/2026\/04\/Evakueringsovelse-SU2026-300x225.jpg 300w, https:\/\/prosjekt.skanska.no\/nye-vesteroya-skole\/wp-content\/uploads\/sites\/28\/2026\/04\/Evakueringsovelse-SU2026.jpg 640w\" sizes=\"auto, (max-width: 300px) 100vw, 300px\" \/><\/p>\n<p><img loading=\"lazy\" decoding=\"async\" class=\"alignnone size-medium wp-image-318\" src=\"https:\/\/prosjekt.skanska.no\/nye-vesteroya-skole\/wp-content\/uploads\/sites\/28\/2026\/04\/Kake-SU2026-225x300.jpg\" alt=\"\" width=\"225\" height=\"300\" srcset=\"https:\/\/prosjekt.skanska.no\/nye-vesteroya-skole\/wp-content\/uploads\/sites\/28\/2026\/04\/Kake-SU2026-225x300.jpg 225w, https:\/\/prosjekt.skanska.no\/nye-vesteroya-skole\/wp-content\/uploads\/sites\/28\/2026\/04\/Kake-SU2026.jpg 480w\" sizes=\"auto, (max-width: 225px) 100vw, 225px\" \/><\/p>\n<p>&nbsp;<\/p>\n","protected":false},"excerpt":{"rendered":"<p>Mandag 20. april startet vi \u00e5rets Sikkerhetsuke &laquo;L\u00e6ring for livet&raquo; her p\u00e5 Nye Vester\u00f8ya skole. Etter to \u00e5r med fokus p\u00e5 feilforst\u00e5else og barrierer, tar vi n\u00e5 steget videre for \u00e5 styrke l\u00e6ringskulturen i Skanska. De siste \u00e5rene har vi jobbet m\u00e5lrettet for \u00e5 utvikle sikkerhetsarbeidet v\u00e5rt, og i 2026 tar vi et nytt og [&hellip;]<\/p>\n","protected":false},"author":70,"featured_media":316,"comment_status":"closed","ping_status":"closed","sticky":false,"template":"","format":"standard","meta":{"_acf_changed":false,"footnotes":""},"categories":[1],"tags":[],"class_list":["post-313","post","type-post","status-publish","format-standard","has-post-thumbnail","hentry","category-uncategorized"],"acf":[],"_links":{"self":[{"href":"https:\/\/prosjekt.skanska.no\/nye-vesteroya-skole\/wp-json\/wp\/v2\/posts\/313","targetHints":{"allow":["GET"]}}],"collection":[{"href":"https:\/\/prosjekt.skanska.no\/nye-vesteroya-skole\/wp-json\/wp\/v2\/posts"}],"about":[{"href":"https:\/\/prosjekt.skanska.no\/nye-vesteroya-skole\/wp-json\/wp\/v2\/types\/post"}],"author":[{"embeddable":true,"href":"https:\/\/prosjekt.skanska.no\/nye-vesteroya-skole\/wp-json\/wp\/v2\/users\/70"}],"replies":[{"embeddable":true,"href":"https:\/\/prosjekt.skanska.no\/nye-vesteroya-skole\/wp-json\/wp\/v2\/comments?post=313"}],"version-history":[{"count":7,"href":"https:\/\/prosjekt.skanska.no\/nye-vesteroya-skole\/wp-json\/wp\/v2\/posts\/313\/revisions"}],"predecessor-version":[{"id":324,"href":"https:\/\/prosjekt.skanska.no\/nye-vesteroya-skole\/wp-json\/wp\/v2\/posts\/313\/revisions\/324"}],"wp:featuredmedia":[{"embeddable":true,"href":"https:\/\/prosjekt.skanska.no\/nye-vesteroya-skole\/wp-json\/wp\/v2\/media\/316"}],"wp:attachment":[{"href":"https:\/\/prosjekt.skanska.no\/nye-vesteroya-skole\/wp-json\/wp\/v2\/media?parent=313"}],"wp:term":[{"taxonomy":"category","embeddable":true,"href":"https:\/\/prosjekt.skanska.no\/nye-vesteroya-skole\/wp-json\/wp\/v2\/categories?post=313"},{"taxonomy":"post_tag","embeddable":true,"href":"https:\/\/prosjekt.skanska.no\/nye-vesteroya-skole\/wp-json\/wp\/v2\/tags?post=313"}],"curies":[{"name":"wp","href":"https:\/\/api.w.org\/{rel}","templated":true}]}}