{"id":1162,"date":"2025-06-10T06:16:50","date_gmt":"2025-06-10T06:16:50","guid":{"rendered":"https:\/\/prosjekt.skanska.no\/verdalvgs\/?p=1162"},"modified":"2025-06-10T06:17:51","modified_gmt":"2025-06-10T06:17:51","slug":"info-uke-24-ferdigstilling-av-utomhus-og-oppstart-forberedende-arbeider-med-teknologi-og-industrifag","status":"publish","type":"post","link":"https:\/\/prosjekt.skanska.no\/verdalvgs\/info-uke-24-ferdigstilling-av-utomhus-og-oppstart-forberedende-arbeider-med-teknologi-og-industrifag\/","title":{"rendered":"Info uke 24: Ferdigstilling av utomhus, og oppstart forberedende arbeider med teknologi- og industrifag."},"content":{"rendered":"<p>Utomhusarbeidene er n\u00e5 p\u00e5 oppl\u00f8pet.<\/p>\n<p>Denne uka blir det asfaltering, videre s\u00e5 blir\u00a0 det montering av utstyr, oppmerking og beplantning &#8211; og diverse komplettering. &#8211; s\u00e5 blir det blir klart til overelevering i starten av juli.<\/p>\n<p>&nbsp;<\/p>\n<p>Her er et par statusbilder:<\/p>\n<p><img loading=\"lazy\" decoding=\"async\" class=\"alignnone size-medium wp-image-1168\" src=\"https:\/\/prosjekt.skanska.no\/verdalvgs\/wp-content\/uploads\/sites\/16\/2025\/06\/IMG_1351-225x300.jpg\" alt=\"\" width=\"225\" height=\"300\" srcset=\"https:\/\/prosjekt.skanska.no\/verdalvgs\/wp-content\/uploads\/sites\/16\/2025\/06\/IMG_1351-225x300.jpg 225w, https:\/\/prosjekt.skanska.no\/verdalvgs\/wp-content\/uploads\/sites\/16\/2025\/06\/IMG_1351-768x1024.jpg 768w, https:\/\/prosjekt.skanska.no\/verdalvgs\/wp-content\/uploads\/sites\/16\/2025\/06\/IMG_1351-1152x1536.jpg 1152w, https:\/\/prosjekt.skanska.no\/verdalvgs\/wp-content\/uploads\/sites\/16\/2025\/06\/IMG_1351-1536x2048.jpg 1536w, https:\/\/prosjekt.skanska.no\/verdalvgs\/wp-content\/uploads\/sites\/16\/2025\/06\/IMG_1351-scaled.jpg 1920w\" sizes=\"auto, (max-width: 225px) 100vw, 225px\" \/> <img loading=\"lazy\" decoding=\"async\" class=\"alignnone size-medium wp-image-1167\" src=\"https:\/\/prosjekt.skanska.no\/verdalvgs\/wp-content\/uploads\/sites\/16\/2025\/06\/IMG_1354-225x300.jpg\" alt=\"\" width=\"225\" height=\"300\" srcset=\"https:\/\/prosjekt.skanska.no\/verdalvgs\/wp-content\/uploads\/sites\/16\/2025\/06\/IMG_1354-225x300.jpg 225w, https:\/\/prosjekt.skanska.no\/verdalvgs\/wp-content\/uploads\/sites\/16\/2025\/06\/IMG_1354-768x1024.jpg 768w, https:\/\/prosjekt.skanska.no\/verdalvgs\/wp-content\/uploads\/sites\/16\/2025\/06\/IMG_1354-1152x1536.jpg 1152w, https:\/\/prosjekt.skanska.no\/verdalvgs\/wp-content\/uploads\/sites\/16\/2025\/06\/IMG_1354-1536x2048.jpg 1536w, https:\/\/prosjekt.skanska.no\/verdalvgs\/wp-content\/uploads\/sites\/16\/2025\/06\/IMG_1354-scaled.jpg 1920w\" sizes=\"auto, (max-width: 225px) 100vw, 225px\" \/><\/p>\n<p>&nbsp;<\/p>\n<p>&nbsp;<\/p>\n<p>Videre vil vi starte opp litt med forberedende arbeider for teknologi- og industrifag. Det vil bli utf\u00f8rt pr\u00f8vegravinger for \u00e5 sjekke grunnforhold, videre vil det bli noe aktivitet i verskedhall i sommer.<\/p>\n<p>Her er et bilde ifra der nybygget kommer:<\/p>\n<p><img loading=\"lazy\" decoding=\"async\" class=\"alignnone size-medium wp-image-1166\" src=\"https:\/\/prosjekt.skanska.no\/verdalvgs\/wp-content\/uploads\/sites\/16\/2025\/06\/IMG_1348-225x300.jpg\" alt=\"\" width=\"225\" height=\"300\" srcset=\"https:\/\/prosjekt.skanska.no\/verdalvgs\/wp-content\/uploads\/sites\/16\/2025\/06\/IMG_1348-225x300.jpg 225w, https:\/\/prosjekt.skanska.no\/verdalvgs\/wp-content\/uploads\/sites\/16\/2025\/06\/IMG_1348-768x1024.jpg 768w, https:\/\/prosjekt.skanska.no\/verdalvgs\/wp-content\/uploads\/sites\/16\/2025\/06\/IMG_1348-1152x1536.jpg 1152w, https:\/\/prosjekt.skanska.no\/verdalvgs\/wp-content\/uploads\/sites\/16\/2025\/06\/IMG_1348-1536x2048.jpg 1536w, https:\/\/prosjekt.skanska.no\/verdalvgs\/wp-content\/uploads\/sites\/16\/2025\/06\/IMG_1348-scaled.jpg 1920w\" sizes=\"auto, (max-width: 225px) 100vw, 225px\" \/><\/p>\n<p>&nbsp;<\/p>\n","protected":false},"excerpt":{"rendered":"<p>Utomhusarbeidene er n\u00e5 p\u00e5 oppl\u00f8pet. Denne uka blir det asfaltering, videre s\u00e5 blir\u00a0 det montering av utstyr, oppmerking og beplantning &#8211; og diverse komplettering. &#8211; s\u00e5 blir det blir klart til overelevering i starten av juli. &nbsp; Her er et par statusbilder: &nbsp; &nbsp; Videre vil vi starte opp litt med forberedende arbeider for teknologi- [&hellip;]<\/p>\n","protected":false},"author":47,"featured_media":1168,"comment_status":"closed","ping_status":"closed","sticky":false,"template":"","format":"standard","meta":{"_acf_changed":false,"footnotes":""},"categories":[1],"tags":[],"class_list":["post-1162","post","type-post","status-publish","format-standard","has-post-thumbnail","hentry","category-uncategorized"],"acf":[],"_links":{"self":[{"href":"https:\/\/prosjekt.skanska.no\/verdalvgs\/wp-json\/wp\/v2\/posts\/1162","targetHints":{"allow":["GET"]}}],"collection":[{"href":"https:\/\/prosjekt.skanska.no\/verdalvgs\/wp-json\/wp\/v2\/posts"}],"about":[{"href":"https:\/\/prosjekt.skanska.no\/verdalvgs\/wp-json\/wp\/v2\/types\/post"}],"author":[{"embeddable":true,"href":"https:\/\/prosjekt.skanska.no\/verdalvgs\/wp-json\/wp\/v2\/users\/47"}],"replies":[{"embeddable":true,"href":"https:\/\/prosjekt.skanska.no\/verdalvgs\/wp-json\/wp\/v2\/comments?post=1162"}],"version-history":[{"count":2,"href":"https:\/\/prosjekt.skanska.no\/verdalvgs\/wp-json\/wp\/v2\/posts\/1162\/revisions"}],"predecessor-version":[{"id":1170,"href":"https:\/\/prosjekt.skanska.no\/verdalvgs\/wp-json\/wp\/v2\/posts\/1162\/revisions\/1170"}],"wp:featuredmedia":[{"embeddable":true,"href":"https:\/\/prosjekt.skanska.no\/verdalvgs\/wp-json\/wp\/v2\/media\/1168"}],"wp:attachment":[{"href":"https:\/\/prosjekt.skanska.no\/verdalvgs\/wp-json\/wp\/v2\/media?parent=1162"}],"wp:term":[{"taxonomy":"category","embeddable":true,"href":"https:\/\/prosjekt.skanska.no\/verdalvgs\/wp-json\/wp\/v2\/categories?post=1162"},{"taxonomy":"post_tag","embeddable":true,"href":"https:\/\/prosjekt.skanska.no\/verdalvgs\/wp-json\/wp\/v2\/tags?post=1162"}],"curies":[{"name":"wp","href":"https:\/\/api.w.org\/{rel}","templated":true}]}}